{"id":524,"date":"2020-09-17T18:40:36","date_gmt":"2020-09-17T16:40:36","guid":{"rendered":"https:\/\/www.riceandcarry.eu\/?p=524"},"modified":"2020-10-20T15:25:08","modified_gmt":"2020-10-20T13:25:08","slug":"so-funktioniert-recycling-in-arugam-bay","status":"publish","type":"post","link":"https:\/\/www.riceandcarry.eu\/de\/so-funktioniert-recycling-in-arugam-bay\/","title":{"rendered":"Waste Collecting &#038; Recycling, handgemacht"},"content":{"rendered":"\n<h1 class=\"wp-block-heading\">Waste Collecting &amp; Recycling, handgemacht<\/h1>\n\n\n\n<p>Bei uns dreht sich nicht alles um Reis- und Jutes\u00e4cke, sondern auch um recyceltes Plastik.<br>Auf Sri Lanka ist Plastik ein gro\u00dfes Problem und sorgt f\u00fcr eine dauerhafte Verunreinigung der Umwelt.<br>Wir wollen ein Zeichen setzen und gegen den Plastikm\u00fcll ank\u00e4mpfen, um so eine weitere Verschmutzung der Ozeane und der paradiesischen Landschaft auf Sri Lanka zu verhindern.<br>Mit Hilfe von USAID und vieler engagierter Menschen aus Arugam Bay haben wir es geschafft, eine Recycling-Station aufzubauen.In dieser Anlage trennen wir zun\u00e4chst die gesammelten Flaschen von ihren Deckeln, da diese separat recycelt werden.<\/p>\n\n\n\n<p>Die Deckel werden in einer Maschine zerkleinert und die Plastikflaschen zusammengepresst. Anschlie\u00dfend werden die gepressten Flaschen zu einem gro\u00dfen Paket geschn\u00fcrt und zu einer Recyclinganlage in die Hauptstadt Sri Lankas gefahren. Dieser Transportweg ist nicht nur sehr lang, sondern auch sehr teuer.<br>Da wir im Osten Sri Lankas sitzen und sich fast das gesamte srilankische Leben an der Westk\u00fcste abspielt, sind wir gezwungen, die Flaschen einmal quer durchs Land zu fahren, da sich auch im Westen die einzige Recyclinganlage Sri Lankas befindet.<\/p>\n\n\n\n<p>Der Transportweg muss nat\u00fcrlich bezahlt werden \u2013 wenn du dir \u00fcberlegst wie viel Plastikm\u00fcll es gibt, kannst du dir bestimmt auch vorstellen, wie oft wir zur Recyclinganlage fahren und wie teuer das dann am Ende des Tages ist. <br>Um die ganzen Transportkosten besser zu finanzieren, haben wir angefangen, aus den abgeschraubten und zerkleinerten Flaschendeckeln, recycelte Plastikprodukte herzustellen.<br>Mittlerweile besteht unser Sortiment aus Eco Rasierern, W\u00e4scheklammern, Schnallen und Wachs K\u00e4mmen f\u00fcr Surfbretter. Alle Produkte sind die einzigen Fair Trade Produkte aus 100% recyceltem Plastik verifiziert von der WFTO.<br>Um unser Sortiment stetig zu erweitern und damit den Transport der Flaschen zu sichern, feilen wir jeden Tag an neuen Produktideen.<\/p>\n\n\n\n<p>Besonders unsere Produkte aus recyceltem Plastik liegen uns sehr am Herzen, daher freuen wir uns \u00fcber jeden Verkauf eines Produkts und die damit verbundene Unterst\u00fctzung unseres Recyclingprojekts.\ud83d\ude0d <\/p>\n\n\n\n<p><em>Tipp f\u00fcr Zuhause:Deckel von Flaschen oder Tetrapacks direkt gesondert in den Plastikm\u00fcll geben. So wird auch dein Recycling effizienter!<\/em><\/p>\n\n\n\n<figure class=\"wp-block-gallery columns-3 is-cropped wp-block-gallery-1 is-layout-flex wp-block-gallery-is-layout-flex\"><ul class=\"blocks-gallery-grid\"><li class=\"blocks-gallery-item\"><figure><img loading=\"lazy\" decoding=\"async\" width=\"384\" height=\"384\" src=\"https:\/\/www.riceandcarry.eu\/wp-content\/uploads\/2020\/09\/Flaschen_sammeln.jpg\" alt=\"Flaschensammeln\" data-id=\"313\" data-full-url=\"https:\/\/www.riceandcarry.eu\/wp-content\/uploads\/2020\/09\/Flaschen_sammeln.jpg\" data-link=\"https:\/\/www.riceandcarry.eu\/de\/flaschen_sammeln\/\" class=\"wp-image-313\" srcset=\"https:\/\/www.riceandcarry.eu\/wp-content\/uploads\/2020\/09\/Flaschen_sammeln.jpg 384w, https:\/\/www.riceandcarry.eu\/wp-content\/uploads\/2020\/09\/Flaschen_sammeln-150x150.jpg 150w\" sizes=\"auto, (max-width: 384px) 100vw, 384px\" \/><figcaption class=\"blocks-gallery-item__caption\">Wir sammeln flei\u00dfig Plastikflaschen<\/figcaption><\/figure><\/li><li class=\"blocks-gallery-item\"><figure><img loading=\"lazy\" decoding=\"async\" width=\"384\" height=\"384\" src=\"https:\/\/www.riceandcarry.eu\/wp-content\/uploads\/2020\/09\/Flaschen_sammler.jpg\" alt=\"Flaschensammler\" data-id=\"315\" data-full-url=\"https:\/\/www.riceandcarry.eu\/wp-content\/uploads\/2020\/09\/Flaschen_sammler.jpg\" data-link=\"https:\/\/www.riceandcarry.eu\/de\/flaschen_sammler\/\" class=\"wp-image-315\" srcset=\"https:\/\/www.riceandcarry.eu\/wp-content\/uploads\/2020\/09\/Flaschen_sammler.jpg 384w, https:\/\/www.riceandcarry.eu\/wp-content\/uploads\/2020\/09\/Flaschen_sammler-150x150.jpg 150w\" sizes=\"auto, (max-width: 384px) 100vw, 384px\" \/><figcaption class=\"blocks-gallery-item__caption\">Im Tuk Tuk kommen sie zu unserer Recyclinganlage<\/figcaption><\/figure><\/li><li class=\"blocks-gallery-item\"><figure><img loading=\"lazy\" decoding=\"async\" width=\"384\" height=\"384\" src=\"https:\/\/www.riceandcarry.eu\/wp-content\/uploads\/2020\/09\/Flaschen_pressen.jpg\" alt=\"Flaschen pressen\" data-id=\"311\" data-full-url=\"https:\/\/www.riceandcarry.eu\/wp-content\/uploads\/2020\/09\/Flaschen_pressen.jpg\" data-link=\"https:\/\/www.riceandcarry.eu\/de\/flaschen_pressen\/\" class=\"wp-image-311\" srcset=\"https:\/\/www.riceandcarry.eu\/wp-content\/uploads\/2020\/09\/Flaschen_pressen.jpg 384w, https:\/\/www.riceandcarry.eu\/wp-content\/uploads\/2020\/09\/Flaschen_pressen-150x150.jpg 150w\" sizes=\"auto, (max-width: 384px) 100vw, 384px\" \/><figcaption class=\"blocks-gallery-item__caption\">So werden die Plastikflaschen gepresst<\/figcaption><\/figure><\/li><li class=\"blocks-gallery-item\"><figure><img loading=\"lazy\" decoding=\"async\" width=\"384\" height=\"384\" src=\"https:\/\/www.riceandcarry.eu\/wp-content\/uploads\/2020\/09\/Granulat.jpg\" alt=\"Granulat\" data-id=\"319\" data-full-url=\"https:\/\/www.riceandcarry.eu\/wp-content\/uploads\/2020\/09\/Granulat.jpg\" data-link=\"https:\/\/www.riceandcarry.eu\/de\/granulat\/\" class=\"wp-image-319\" srcset=\"https:\/\/www.riceandcarry.eu\/wp-content\/uploads\/2020\/09\/Granulat.jpg 384w, https:\/\/www.riceandcarry.eu\/wp-content\/uploads\/2020\/09\/Granulat-150x150.jpg 150w\" sizes=\"auto, (max-width: 384px) 100vw, 384px\" \/><figcaption class=\"blocks-gallery-item__caption\">Eine ganze Menge zerkleinerter Flaschendeckel<\/figcaption><\/figure><\/li><li class=\"blocks-gallery-item\"><figure><img loading=\"lazy\" decoding=\"async\" width=\"384\" height=\"384\" src=\"https:\/\/www.riceandcarry.eu\/wp-content\/uploads\/2020\/09\/Schnallen_pressen.jpg\" alt=\"Schnallenpresse\" data-id=\"387\" data-full-url=\"https:\/\/www.riceandcarry.eu\/wp-content\/uploads\/2020\/09\/Schnallen_pressen.jpg\" data-link=\"https:\/\/www.riceandcarry.eu\/de\/schnallen_pressen\/\" class=\"wp-image-387\" srcset=\"https:\/\/www.riceandcarry.eu\/wp-content\/uploads\/2020\/09\/Schnallen_pressen.jpg 384w, https:\/\/www.riceandcarry.eu\/wp-content\/uploads\/2020\/09\/Schnallen_pressen-150x150.jpg 150w\" sizes=\"auto, (max-width: 384px) 100vw, 384px\" \/><figcaption class=\"blocks-gallery-item__caption\">Vorlage zur Herstellung unserer Schnallen<\/figcaption><\/figure><\/li><li class=\"blocks-gallery-item\"><figure><img loading=\"lazy\" decoding=\"async\" width=\"384\" height=\"384\" src=\"https:\/\/www.riceandcarry.eu\/wp-content\/uploads\/2020\/09\/recycling-plastic.jpg\" alt=\"Recycling Plastic\" data-id=\"542\" data-full-url=\"https:\/\/www.riceandcarry.eu\/wp-content\/uploads\/2020\/09\/recycling-plastic.jpg\" data-link=\"https:\/\/www.riceandcarry.eu\/de\/recycling-plastic\/\" class=\"wp-image-542\" srcset=\"https:\/\/www.riceandcarry.eu\/wp-content\/uploads\/2020\/09\/recycling-plastic.jpg 384w, https:\/\/www.riceandcarry.eu\/wp-content\/uploads\/2020\/09\/recycling-plastic-150x150.jpg 150w\" sizes=\"auto, (max-width: 384px) 100vw, 384px\" \/><figcaption class=\"blocks-gallery-item__caption\">Ein Teil unseres Sortiments aus recyceltem Plastik<\/figcaption><\/figure><\/li><\/ul><\/figure>\n\n\n\n<p><\/p>\n","protected":false},"excerpt":{"rendered":"<p>Waste Collecting &amp; Recycling, handgemacht Bei uns dreht sich nicht alles um Reis- und Jutes\u00e4cke, sondern auch um recyceltes Plastik.Auf Sri Lanka ist Plastik ein gro\u00dfes Problem und sorgt f\u00fcr eine dauerhafte Verunreinigung der Umwelt.Wir wollen ein Zeichen setzen und gegen den Plastikm\u00fcll ank\u00e4mpfen, um so eine weitere [&hellip;]<\/p>\n","protected":false},"author":2,"featured_media":313,"comment_status":"closed","ping_status":"closed","sticky":false,"template":"","format":"standard","meta":{"_acf_changed":false,"footnotes":""},"categories":[1],"class_list":["post-524","post","type-post","status-publish","format-standard","has-post-thumbnail","hentry","category-unkategorisiert"],"acf":[],"_links":{"self":[{"href":"https:\/\/www.riceandcarry.eu\/de\/wp-json\/wp\/v2\/posts\/524","targetHints":{"allow":["GET"]}}],"collection":[{"href":"https:\/\/www.riceandcarry.eu\/de\/wp-json\/wp\/v2\/posts"}],"about":[{"href":"https:\/\/www.riceandcarry.eu\/de\/wp-json\/wp\/v2\/types\/post"}],"author":[{"embeddable":true,"href":"https:\/\/www.riceandcarry.eu\/de\/wp-json\/wp\/v2\/users\/2"}],"replies":[{"embeddable":true,"href":"https:\/\/www.riceandcarry.eu\/de\/wp-json\/wp\/v2\/comments?post=524"}],"version-history":[{"count":5,"href":"https:\/\/www.riceandcarry.eu\/de\/wp-json\/wp\/v2\/posts\/524\/revisions"}],"predecessor-version":[{"id":1652,"href":"https:\/\/www.riceandcarry.eu\/de\/wp-json\/wp\/v2\/posts\/524\/revisions\/1652"}],"wp:featuredmedia":[{"embeddable":true,"href":"https:\/\/www.riceandcarry.eu\/de\/wp-json\/wp\/v2\/media\/313"}],"wp:attachment":[{"href":"https:\/\/www.riceandcarry.eu\/de\/wp-json\/wp\/v2\/media?parent=524"}],"wp:term":[{"taxonomy":"category","embeddable":true,"href":"https:\/\/www.riceandcarry.eu\/de\/wp-json\/wp\/v2\/categories?post=524"}],"curies":[{"name":"wp","href":"https:\/\/api.w.org\/{rel}","templated":true}]}}